{"id":34,"date":"2023-05-07T13:56:57","date_gmt":"2023-05-07T13:56:57","guid":{"rendered":"https:\/\/observar.org.ar\/web\/?p=34"},"modified":"2023-05-07T15:38:32","modified_gmt":"2023-05-07T15:38:32","slug":"galaxia-del-molinillo-desde-el-observatorio-de-oro-verde","status":"publish","type":"post","link":"https:\/\/observar.org.ar\/web\/index.php\/2023\/05\/07\/galaxia-del-molinillo-desde-el-observatorio-de-oro-verde\/","title":{"rendered":"Galaxia del Molinillo &#8211; Observatorio de Oro Verde"},"content":{"rendered":"\n<p>Les compartimos una hermosa fotograf\u00eda tomada por <strong>Alan Trumper <\/strong>de la Galaxia M83. <\/p>\n\n\n\n<p>Su nombre proviene de su ubicaci\u00f3n en el hemisferio sur celeste y su parecido con la galaxia del Molinillo (M101).<\/p>\n\n\n\n<p>Fue descubierta entre los a\u00f1os 1751-1752 por el abad Nicolas Louis de Lacaille en el Cabo de Buena Esperanza, Sud\u00e1frica. Catalogada por Charles Messier el 17 de febrero de 1781 desde su casa en la parte norte de Par\u00eds, era tan dif\u00edcil de observar que afirm\u00f3: \u00abUno puede verla s\u00f3lo si tiene una gran capacidad de concentraci\u00f3n\u00bb. Curiosamente, desde la ubicaci\u00f3n de Messier, M83 s\u00f3lo se elevaba 11\u00b0 sobre el horizonte sur y por lo tanto, la luz se ver\u00eda atenuada por la gran cantidad de aire cercana al horizonte, y esto es lo que probablemente hizo que el astr\u00f3nomo tuviera tanta dificultad para observarla.3\u200b<\/p>\n\n\n\n<p>M83 tambi\u00e9n es un buen ejemplo de galaxia con brote estelar, estando concentrado este en su zona central y conteniendo varios super c\u00famulos estelares. Es tambi\u00e9n rica en metales y abundante en estrellas Wolf-Rayet, con un n\u00famero de ellas estimado en alrededor de 3000.<\/p>\n\n\n\n<p>40 tomas de 120 segundos de exposici\u00f3n<br>Meade 10&#8243; f:6.3<br>ZWO294MCPRO<br>ZWO 224 MC guiaje<br>EQ6 R Pro<br>Pixinsight<br>Captura de Imagen y Procesado: Alan Trumper<\/p>\n\n\n\n<p>Instagram: <a href=\"http:\/\/instagram.com\/astroentrerios\">@astroentrerios<\/a><\/p>\n\n\n\n<p><\/p>\n","protected":false},"excerpt":{"rendered":"<p>Les compartimos una hermosa fotograf\u00eda tomada por Alan Trumper de la Galaxia M83. Su nombre proviene de su ubicaci\u00f3n en el hemisferio sur celeste y su parecido con la galaxia del Molinillo (M101). Fue descubierta entre los a\u00f1os 1751-1752 por el abad Nicolas Louis de Lacaille en el Cabo de Buena Esperanza, Sud\u00e1frica. Catalogada por [&hellip;]<\/p>\n","protected":false},"author":1,"featured_media":35,"comment_status":"open","ping_status":"open","sticky":false,"template":"","format":"standard","meta":{"_et_pb_use_builder":"off","_et_pb_old_content":"","_et_gb_content_width":"","footnotes":""},"categories":[7,6],"tags":[],"class_list":["post-34","post","type-post","status-publish","format-standard","has-post-thumbnail","hentry","category-astrofotografia","category-astronomia"],"_links":{"self":[{"href":"https:\/\/observar.org.ar\/web\/index.php\/wp-json\/wp\/v2\/posts\/34","targetHints":{"allow":["GET"]}}],"collection":[{"href":"https:\/\/observar.org.ar\/web\/index.php\/wp-json\/wp\/v2\/posts"}],"about":[{"href":"https:\/\/observar.org.ar\/web\/index.php\/wp-json\/wp\/v2\/types\/post"}],"author":[{"embeddable":true,"href":"https:\/\/observar.org.ar\/web\/index.php\/wp-json\/wp\/v2\/users\/1"}],"replies":[{"embeddable":true,"href":"https:\/\/observar.org.ar\/web\/index.php\/wp-json\/wp\/v2\/comments?post=34"}],"version-history":[{"count":4,"href":"https:\/\/observar.org.ar\/web\/index.php\/wp-json\/wp\/v2\/posts\/34\/revisions"}],"predecessor-version":[{"id":40,"href":"https:\/\/observar.org.ar\/web\/index.php\/wp-json\/wp\/v2\/posts\/34\/revisions\/40"}],"wp:featuredmedia":[{"embeddable":true,"href":"https:\/\/observar.org.ar\/web\/index.php\/wp-json\/wp\/v2\/media\/35"}],"wp:attachment":[{"href":"https:\/\/observar.org.ar\/web\/index.php\/wp-json\/wp\/v2\/media?parent=34"}],"wp:term":[{"taxonomy":"category","embeddable":true,"href":"https:\/\/observar.org.ar\/web\/index.php\/wp-json\/wp\/v2\/categories?post=34"},{"taxonomy":"post_tag","embeddable":true,"href":"https:\/\/observar.org.ar\/web\/index.php\/wp-json\/wp\/v2\/tags?post=34"}],"curies":[{"name":"wp","href":"https:\/\/api.w.org\/{rel}","templated":true}]}}