{"id":215,"date":"2024-01-24T23:29:31","date_gmt":"2024-01-24T23:29:31","guid":{"rendered":"https:\/\/observar.org.ar\/web\/?p=215"},"modified":"2024-01-24T23:32:40","modified_gmt":"2024-01-24T23:32:40","slug":"luna-llena-de-lobo-cual-es-el-origen-del-fenomeno-que-se-disfrutara-esta-noche","status":"publish","type":"post","link":"https:\/\/observar.org.ar\/web\/index.php\/2024\/01\/24\/luna-llena-de-lobo-cual-es-el-origen-del-fenomeno-que-se-disfrutara-esta-noche\/","title":{"rendered":"Luna llena de Lobo: cu\u00e1l es el origen del fen\u00f3meno que se disfrutar\u00e1 esta noche"},"content":{"rendered":"\n<p><strong>Nota aparecida en ElOnce.com el 24 de enero de 2024<\/strong><\/p>\n\n\n\n<p><strong>Este mi\u00e9rcoles por la noche y primeras horas del jueves se podr\u00e1 disfrutar de la Luna llena de Lobo<\/strong>, que hace menci\u00f3n al primer ciclo del Sat\u00e9lite terrestre en el a\u00f1o. Elonce dialog\u00f3 con Walter El\u00edas de la Fundaci\u00f3n Observar para la Ciencia y la Comunidad de Oro Verde, que consider\u00f3 que quienes no se han ido de vacaciones \u201cpueden disfrutar de cuestiones que son naturales\u201d. En ese sentido, invit\u00f3 a disfrutarlo desde un balc\u00f3n o una terraza.<\/p>\n\n\n\n<p>En este caso, esta noche estar\u00e1 presente la luna llena del Lobo. Al respecto, el hombre remarc\u00f3: \u201c<strong>Es la luna llena de enero, que a partir de la madrugada del 25 la podremos disfrutar. En el momento en que se pone el sol, va a aparecer la luna porque est\u00e1 opuesta en relaci\u00f3n a la Tierra. Eso hace que la luna est\u00e9 completamente alumbrada por el Sol, que se lo conoce como Luna llena\u201d.<\/strong><\/p>\n\n\n\n<p>Asimismo, dio a conocer el nombre popular que tiene la primera de cada a\u00f1o: \u201c<strong>Es un nombre art\u00edstico que viene de las costumbres del hemisferio norte y ahora se ha importado. Se le pone este nombre porque los antiguos habitantes de Estados Unidos dec\u00edan que en esta \u00e9poca del a\u00f1o, en invierno, cuando aparec\u00eda esta Luna se escuchaban muchos aullidos de lobos\u201d.<\/strong><\/p>\n\n\n\n<p>Posterior a completar ese ciclo, que dura 28 d\u00edas, la Luna volver\u00e1 a iniciarlo de nuevo siendo \u201cel cuarto menguante, la Luna nueva y cuarto creciente\u201d. Tambi\u00e9n record\u00f3 que en caso de estar m\u00e1s cerca de la Tierra tiene el nombre de S\u00faper Luna.<\/p>\n\n\n\n<h5 class=\"wp-block-heading\">Acerca de Fundaci\u00f3n Observar<\/h5>\n\n\n\n<p>\u201cEs una Fundaci\u00f3n bastante nueva que tiene bastantes objetivos, entre los cuales est\u00e1 la difusi\u00f3n con lo relacionado a la ciencia y la tecnolog\u00eda y no solo la astronom\u00eda. Realizamos actividades en Oro Verde, algunas p\u00fablicas. Habitualmente tambi\u00e9n colaboramos con la Asociaci\u00f3n Entrerriana de Astronom\u00eda que tiene su observatorio aqu\u00ed en la ciudad. Abre los s\u00e1bados con turnos a las 21 y 22 horas.<\/p>\n\n\n\n<figure class=\"wp-block-embed is-type-video is-provider-youtube wp-block-embed-youtube wp-embed-aspect-16-9 wp-has-aspect-ratio\"><div class=\"wp-block-embed__wrapper\">\n<iframe loading=\"lazy\" title=\"LUNA DE LOBO, luna llena de enero 2024\" width=\"1080\" height=\"608\" src=\"https:\/\/www.youtube.com\/embed\/T6BBhnwXkwQ?feature=oembed\"  allow=\"accelerometer; autoplay; clipboard-write; encrypted-media; gyroscope; picture-in-picture; web-share\" allowfullscreen><\/iframe>\n<\/div><\/figure>\n\n\n\n<p><strong>Fuente<\/strong>: <a href=\"https:\/\/www.elonce.com\/secciones\/sociedad\/787102-luna-llena-de-lobo-cul-es-el-origen-del-fenmeno-que-se-disfrutar-esta-noche.htm\" target=\"_blank\" rel=\"noreferrer noopener\">https:\/\/www.elonce.com\/secciones\/sociedad\/787102-luna-llena-de-lobo-cul-es-el-origen-del-fenmeno-que-se-disfrutar-esta-noche.htm<\/a><\/p>\n","protected":false},"excerpt":{"rendered":"<p>Nota aparecida en ElOnce.com el 24 de enero de 2024 Este mi\u00e9rcoles por la noche y primeras horas del jueves se podr\u00e1 disfrutar de la Luna llena de Lobo, que hace menci\u00f3n al primer ciclo del Sat\u00e9lite terrestre en el a\u00f1o. Elonce dialog\u00f3 con Walter El\u00edas de la Fundaci\u00f3n Observar para la Ciencia y la [&hellip;]<\/p>\n","protected":false},"author":1,"featured_media":216,"comment_status":"open","ping_status":"open","sticky":false,"template":"","format":"standard","meta":{"_et_pb_use_builder":"","_et_pb_old_content":"","_et_gb_content_width":"","footnotes":""},"categories":[6,1],"tags":[],"class_list":["post-215","post","type-post","status-publish","format-standard","has-post-thumbnail","hentry","category-astronomia","category-institucional"],"_links":{"self":[{"href":"https:\/\/observar.org.ar\/web\/index.php\/wp-json\/wp\/v2\/posts\/215","targetHints":{"allow":["GET"]}}],"collection":[{"href":"https:\/\/observar.org.ar\/web\/index.php\/wp-json\/wp\/v2\/posts"}],"about":[{"href":"https:\/\/observar.org.ar\/web\/index.php\/wp-json\/wp\/v2\/types\/post"}],"author":[{"embeddable":true,"href":"https:\/\/observar.org.ar\/web\/index.php\/wp-json\/wp\/v2\/users\/1"}],"replies":[{"embeddable":true,"href":"https:\/\/observar.org.ar\/web\/index.php\/wp-json\/wp\/v2\/comments?post=215"}],"version-history":[{"count":4,"href":"https:\/\/observar.org.ar\/web\/index.php\/wp-json\/wp\/v2\/posts\/215\/revisions"}],"predecessor-version":[{"id":221,"href":"https:\/\/observar.org.ar\/web\/index.php\/wp-json\/wp\/v2\/posts\/215\/revisions\/221"}],"wp:featuredmedia":[{"embeddable":true,"href":"https:\/\/observar.org.ar\/web\/index.php\/wp-json\/wp\/v2\/media\/216"}],"wp:attachment":[{"href":"https:\/\/observar.org.ar\/web\/index.php\/wp-json\/wp\/v2\/media?parent=215"}],"wp:term":[{"taxonomy":"category","embeddable":true,"href":"https:\/\/observar.org.ar\/web\/index.php\/wp-json\/wp\/v2\/categories?post=215"},{"taxonomy":"post_tag","embeddable":true,"href":"https:\/\/observar.org.ar\/web\/index.php\/wp-json\/wp\/v2\/tags?post=215"}],"curies":[{"name":"wp","href":"https:\/\/api.w.org\/{rel}","templated":true}]}}