{"id":125,"date":"2023-05-10T23:16:51","date_gmt":"2023-05-10T23:16:51","guid":{"rendered":"https:\/\/observar.org.ar\/web\/?p=125"},"modified":"2023-05-10T23:16:52","modified_gmt":"2023-05-10T23:16:52","slug":"descubrimiento-genetico-un-estudio-muestra-como-los-neandertales-se-vinculan-con-los-latinos","status":"publish","type":"post","link":"https:\/\/observar.org.ar\/web\/index.php\/2023\/05\/10\/descubrimiento-genetico-un-estudio-muestra-como-los-neandertales-se-vinculan-con-los-latinos\/","title":{"rendered":"Descubrimiento gen\u00e9tico: un estudio muestra c\u00f3mo los Neandertales se vinculan con los latinos"},"content":{"rendered":"\n<p>Un grupo de investigadores del\u00a0<strong>Consejo Nacional de Investigaciones Cient\u00edficas y T\u00e9cnicas<\/strong>\u00a0(<strong>CONICET<\/strong>) logr\u00f3 establecer el\u00a0<strong>v\u00ednculo gen\u00e9tico<\/strong>\u00a0que existe entre\u00a0<strong>neandertales<\/strong>\u00a0y los\u00a0<strong>seres humanos<\/strong>\u00a0actuales.\u00a0<\/p>\n\n\n\n<p><strong>Miguel Delgado<\/strong>, investigador y docente en la<strong>\u00a0Facultad de Ciencias Naturales<\/strong>\u00a0de<strong>\u00a0La Plata<\/strong>, form\u00f3 parte del consorcio internacional que coordin\u00f3 la b\u00fasqueda.\u00a0<\/p>\n\n\n\n<p>Bas\u00e1ndose en la\u00a0<strong>informaci\u00f3n de m\u00e1s de 6000 personas<\/strong>, el estudio revel\u00f3 la persistencia de una\u00a0<strong>huella gen\u00e9tica prehist\u00f3rica<\/strong>\u00a0en los genes responsables de la variaci\u00f3n facial en las poblaciones que actualmente habitan\u00a0<strong>Am\u00e9rica Latina<\/strong>.\u00a0<\/p>\n\n\n\n<p>Los resultados fueron publicados en la revista cient\u00edfica\u00a0<em>Communications Biology<\/em>, del grupo Nature.\u00a0<\/p>\n\n\n\n<h2 class=\"wp-block-heading\" id=\"neandertales-y-latinos-el-vinculo-genetico-que-los-emparenta\">Neandertales y latinos: el v\u00ednculo gen\u00e9tico que los emparenta<\/h2>\n\n\n\n<p>El estudio se llev\u00f3 a cabo utilizando im\u00e1genes de m\u00e1s de 6000 individuos,&nbsp;cuyas caracter\u00edsticas fueron analizadas mediante un&nbsp;<strong>programa inform\u00e1tico<\/strong>&nbsp;automatizado para identificar y medir los&nbsp;<strong>rasgos morfol\u00f3gicos<\/strong>.<\/p>\n\n\n\n<p>Adem\u00e1s,&nbsp;se realizaron m\u00faltiples&nbsp;<strong>an\u00e1lisis gen\u00f3micos<\/strong>&nbsp;para establecer una&nbsp;<strong>conexi\u00f3n entre la morfolog\u00eda facial de cada persona y genes espec\u00edficos.&nbsp;<\/strong>Esto permiti\u00f3 identificar las \u00e1reas faciales y los genes que tienen influencia en la&nbsp;<strong>diversidad morfol\u00f3gica<\/strong>.<\/p>\n\n\n\n<p>Se compararon las muestras latinoamericanas con las de m\u00e1s de 19.000 personas de diferentes regiones: Europa (10.115), Asia (5298) y \u00c1frica (3631).&nbsp;Adem\u00e1s, se realizaron comparaciones con&nbsp;<strong>registros f\u00f3siles<\/strong>&nbsp;de neandertales que habitaban Europa y Asia hace 500.000 a\u00f1os.&nbsp;&nbsp;<\/p>\n\n\n\n<p>De acuerdo con Miguel Delgado, los hallazgos de la investigaci\u00f3n indican que,&nbsp;en las poblaciones latinoamericanas contempor\u00e1neas,&nbsp;<em>existen v\u00ednculos directos entre la herencia gen\u00e9tica de los humanos arcaicos y diversos rasgos morfol\u00f3gicos<\/em>, especialmente en la regi\u00f3n media del rostro.&nbsp;<\/p>\n\n\n\n<p>Adem\u00e1s, el investigador enfatiz\u00f3 la\u00a0<strong>relevancia social\u00a0<\/strong>de este tipo de investigaciones,\u00a0ya que contribuyen a desmontar discursos xen\u00f3fobos o racistas.<\/p>\n\n\n\n<h2 class=\"wp-block-heading\" id=\"historico-descubrimiento-que-cientificos-argentinos-participaron-de-la-investigacionnbsp\">Hist\u00f3rico descubrimiento: qu\u00e9 cient\u00edficos argentinos participaron de la investigaci\u00f3n&nbsp;<\/h2>\n\n\n\n<p>Los resultados de la investigaci\u00f3n est\u00e1n publicados en la revista cient\u00edfica&nbsp;<em>Communications Biology.&nbsp;<\/em><\/p>\n\n\n\n<p>Adem\u00e1s de Delgado, el estudio cont\u00f3 con la participaci\u00f3n de otros dos argentinos:&nbsp;<strong>Rolando Jos\u00e9 Gonz\u00e1lez<\/strong>, investigador del CONICET y director del Centro Nacional Patag\u00f3nico; y&nbsp;<strong>Virginia&nbsp;<\/strong><strong>Ramallo,&nbsp;<\/strong>del&nbsp;Consejo en el Instituto Patag\u00f3nico de Ciencias Sociales y Humanas.<\/p>\n\n\n\n<p>Asimismo, se cont\u00f3 con la colaboraci\u00f3n de aproximadamente 40 cient\u00edficos, principalmente\u00a0<strong>antrop\u00f3logos\u00a0<\/strong>y<strong>\u00a0genetistas<\/strong>\u00a0de Am\u00e9rica Latina y Europa. Todos ellos forman parte\u00a0del\u00a0<strong>Consorcio para el An\u00e1lisis de la Diversidad y la Evoluci\u00f3n en Latinoam\u00e9rica<\/strong>\u00a0<strong>(CANDELA).<\/strong><\/p>\n\n\n\n<p>Fuente: https:\/\/www.cronista.com\/informacion-gral\/descubrimiento-genetico-inesperado-estudio-muestra-como-los-neandertales-estan-relacionados-con-los-latinos\/<\/p>\n\n\n\n<p>\u00a0<\/p>\n","protected":false},"excerpt":{"rendered":"<p>Un grupo de investigadores del\u00a0Consejo Nacional de Investigaciones Cient\u00edficas y T\u00e9cnicas\u00a0(CONICET) logr\u00f3 establecer el\u00a0v\u00ednculo gen\u00e9tico\u00a0que existe entre\u00a0neandertales\u00a0y los\u00a0seres humanos\u00a0actuales.\u00a0 Miguel Delgado, investigador y docente en la\u00a0Facultad de Ciencias Naturales\u00a0de\u00a0La Plata, form\u00f3 parte del consorcio internacional que coordin\u00f3 la b\u00fasqueda.\u00a0 Bas\u00e1ndose en la\u00a0informaci\u00f3n de m\u00e1s de 6000 personas, el estudio revel\u00f3 la persistencia de una\u00a0huella gen\u00e9tica [&hellip;]<\/p>\n","protected":false},"author":1,"featured_media":126,"comment_status":"open","ping_status":"open","sticky":false,"template":"","format":"standard","meta":{"_et_pb_use_builder":"","_et_pb_old_content":"","_et_gb_content_width":"","footnotes":""},"categories":[8,12],"tags":[],"class_list":["post-125","post","type-post","status-publish","format-standard","has-post-thumbnail","hentry","category-ciencia","category-investigacion"],"_links":{"self":[{"href":"https:\/\/observar.org.ar\/web\/index.php\/wp-json\/wp\/v2\/posts\/125","targetHints":{"allow":["GET"]}}],"collection":[{"href":"https:\/\/observar.org.ar\/web\/index.php\/wp-json\/wp\/v2\/posts"}],"about":[{"href":"https:\/\/observar.org.ar\/web\/index.php\/wp-json\/wp\/v2\/types\/post"}],"author":[{"embeddable":true,"href":"https:\/\/observar.org.ar\/web\/index.php\/wp-json\/wp\/v2\/users\/1"}],"replies":[{"embeddable":true,"href":"https:\/\/observar.org.ar\/web\/index.php\/wp-json\/wp\/v2\/comments?post=125"}],"version-history":[{"count":1,"href":"https:\/\/observar.org.ar\/web\/index.php\/wp-json\/wp\/v2\/posts\/125\/revisions"}],"predecessor-version":[{"id":127,"href":"https:\/\/observar.org.ar\/web\/index.php\/wp-json\/wp\/v2\/posts\/125\/revisions\/127"}],"wp:featuredmedia":[{"embeddable":true,"href":"https:\/\/observar.org.ar\/web\/index.php\/wp-json\/wp\/v2\/media\/126"}],"wp:attachment":[{"href":"https:\/\/observar.org.ar\/web\/index.php\/wp-json\/wp\/v2\/media?parent=125"}],"wp:term":[{"taxonomy":"category","embeddable":true,"href":"https:\/\/observar.org.ar\/web\/index.php\/wp-json\/wp\/v2\/categories?post=125"},{"taxonomy":"post_tag","embeddable":true,"href":"https:\/\/observar.org.ar\/web\/index.php\/wp-json\/wp\/v2\/tags?post=125"}],"curies":[{"name":"wp","href":"https:\/\/api.w.org\/{rel}","templated":true}]}}