{"id":1207,"date":"2026-09-05T11:39:01","date_gmt":"2026-09-05T11:39:01","guid":{"rendered":"https:\/\/observar.org.ar\/web\/index.php\/2026\/09\/05\/el-talento-y-la-innovacion-entrerriana-tienen-sus-ganadores-concluyo-el-desafio-de-innovacion-2026\/"},"modified":"2026-09-05T11:39:01","modified_gmt":"2026-09-05T11:39:01","slug":"el-talento-y-la-innovacion-entrerriana-tienen-sus-ganadores-concluyo-el-desafio-de-innovacion-2026","status":"publish","type":"post","link":"https:\/\/observar.org.ar\/web\/index.php\/2026\/09\/05\/el-talento-y-la-innovacion-entrerriana-tienen-sus-ganadores-concluyo-el-desafio-de-innovacion-2026\/","title":{"rendered":"El talento y la innovaci\u00f3n entrerriana tienen sus ganadores: concluy\u00f3 el Desaf\u00edo de Innovaci\u00f3n 2026"},"content":{"rendered":"<h2>El talento y la innovaci\u00f3n entrerriana tienen sus ganadores: concluy\u00f3 el Desaf\u00edo de Innovaci\u00f3n 2026<\/h2>\n<p><strong>Tras meses de intenso trabajo, formaci\u00f3n y mentor\u00edas, se dieron a conocer los equipos ganadores del Desaf\u00edo de&#8230;<\/strong><\/p>\n<p>Tras meses de intenso trabajo, formaci\u00f3n y mentor\u00edas, se dieron a conocer los equipos ganadores del Desaf\u00edo de Innovaci\u00f3n 2026. Tres proyectos integrados por estudiantes de la UNER, UTN y UCA obtuvieron los primeros puestos y representar\u00e1n a la provincia en el prestigioso Congreso AFIDE Panam\u00e1 2026.<\/p>\n<p>La iniciativa, impulsada por la Asociaci\u00f3n Formaci\u00f3n e Investigaci\u00f3n en Emprendimiento Entre R\u00edos (AFIDEER), busca fortalecer la sinergia entre el \u00e1mbito acad\u00e9mico y el sector productivo provincial.<\/p>\n<p>Cabe destacar con gran orgullo el protagonismo de los estudiantes de la FIUNER, con representantes de las licenciaturas en Bioinform\u00e1tica y en Ciencias de Datos y Bioingenier\u00eda integrando los equipos distinguidos:<\/p>\n<p>El tramo final del certamen fue el resultado de un trayecto formativo en el que participaron m\u00e1s de 200 estudiantes pertenecientes a la UNER, UADER, UTN Regional Paran\u00e1, UAP y UCA Paran\u00e1. A lo largo del programa, los equipos formaron parte de talleres y espacios de mentor\u00eda para co-crear respuestas concretas a 13 desaf\u00edos reales formulados por empresas e instituciones del medio.<\/p>\n<p>Desde la organizaci\u00f3n destacaron el trabajo del jurado evaluador, el acompa\u00f1amiento de las organizaciones patrocinadoras y el compromiso de la comunidad acad\u00e9mica para consolidar el desarrollo emprendedor y la transferencia tecnol\u00f3gica en Entre R\u00edos.<\/p>\n<p>Campus UNER Oro VerdeRuta Pcial. N\u00ba 11 Km 10,5Oro Verde &#8211; Entre R\u00edos (3100)Tel: +54 (343) 49751004975101 \/ 077 \/ 078<\/p>\n<p>CAMPUS VIRTUAL FIUNER<\/p>\n<p>UNIVERSIDAD NACIONAL DE ENTRE R\u00cdOS<\/p>\n<p>Copyright \u00a9 2026 Facultad de Ingenier\u00eda &#8211; Universidad Nacional de Entre R\u00edos<\/p>\n<p><small>Fuente: <a href=\"https:\/\/www.ingenieria.uner.edu.ar\/listado-noticias\/\" target=\"_blank\">https:\/\/www.ingenieria.uner.edu.ar\/listado-noticias\/<\/a><\/small><\/p>\n","protected":false},"excerpt":{"rendered":"<p>Tras meses de intenso trabajo, formaci\u00f3n y mentor\u00edas, se dieron a conocer los equipos ganadores del Desaf\u00edo de&#8230;<\/p>\n","protected":false},"author":0,"featured_media":1208,"comment_status":"open","ping_status":"open","sticky":false,"template":"","format":"standard","meta":{"_et_pb_use_builder":"","_et_pb_old_content":"","_et_gb_content_width":"","footnotes":""},"categories":[8],"tags":[],"class_list":["post-1207","post","type-post","status-publish","format-standard","has-post-thumbnail","hentry","category-ciencia"],"_links":{"self":[{"href":"https:\/\/observar.org.ar\/web\/index.php\/wp-json\/wp\/v2\/posts\/1207","targetHints":{"allow":["GET"]}}],"collection":[{"href":"https:\/\/observar.org.ar\/web\/index.php\/wp-json\/wp\/v2\/posts"}],"about":[{"href":"https:\/\/observar.org.ar\/web\/index.php\/wp-json\/wp\/v2\/types\/post"}],"replies":[{"embeddable":true,"href":"https:\/\/observar.org.ar\/web\/index.php\/wp-json\/wp\/v2\/comments?post=1207"}],"version-history":[{"count":0,"href":"https:\/\/observar.org.ar\/web\/index.php\/wp-json\/wp\/v2\/posts\/1207\/revisions"}],"wp:featuredmedia":[{"embeddable":true,"href":"https:\/\/observar.org.ar\/web\/index.php\/wp-json\/wp\/v2\/media\/1208"}],"wp:attachment":[{"href":"https:\/\/observar.org.ar\/web\/index.php\/wp-json\/wp\/v2\/media?parent=1207"}],"wp:term":[{"taxonomy":"category","embeddable":true,"href":"https:\/\/observar.org.ar\/web\/index.php\/wp-json\/wp\/v2\/categories?post=1207"},{"taxonomy":"post_tag","embeddable":true,"href":"https:\/\/observar.org.ar\/web\/index.php\/wp-json\/wp\/v2\/tags?post=1207"}],"curies":[{"name":"wp","href":"https:\/\/api.w.org\/{rel}","templated":true}]}}