{"id":1205,"date":"2026-09-05T11:38:59","date_gmt":"2026-09-05T11:38:59","guid":{"rendered":"https:\/\/observar.org.ar\/web\/index.php\/2026\/09\/05\/seminario-de-grado-sobre-gestion-de-la-calidad-y-regulaciones-para-el-desarrollo-de-productos-medicos-inscripciones-abiertas\/"},"modified":"2026-09-05T11:38:59","modified_gmt":"2026-09-05T11:38:59","slug":"seminario-de-grado-sobre-gestion-de-la-calidad-y-regulaciones-para-el-desarrollo-de-productos-medicos-inscripciones-abiertas","status":"publish","type":"post","link":"https:\/\/observar.org.ar\/web\/index.php\/2026\/09\/05\/seminario-de-grado-sobre-gestion-de-la-calidad-y-regulaciones-para-el-desarrollo-de-productos-medicos-inscripciones-abiertas\/","title":{"rendered":"Seminario de grado sobre gesti\u00f3n de la calidad y regulaciones para el desarrollo de productos m\u00e9dicos. inscripciones abiertas"},"content":{"rendered":"<h2>Seminario de grado sobre gesti\u00f3n de la calidad y regulaciones para el desarrollo de productos m\u00e9dicos. inscripciones abiertas<\/h2>\n<p><strong>El lunes 7 de septiembre comienza el curso te\u00f3rico-pr\u00e1ctico de 25 horas, destinado a estudiantes de Bioingenier\u00eda que&#8230;<\/strong><\/p>\n<p>El lunes 7 de septiembre comienza el curso te\u00f3rico-pr\u00e1ctico de 25 horas, destinado a estudiantes de Bioingenier\u00eda que busquen profundizar en el dise\u00f1o de productos m\u00e9dicos, normativas, regulaciones y propiedad intelectual.<\/p>\n<p>Este lunes 7 de septiembre comienza una nueva propuesta de formaci\u00f3n de grado orientada a brindar espacios de actualizaci\u00f3n profesional en materia de dise\u00f1o de productos m\u00e9dicos, normativas, regulaciones y propiedad intelectual.<\/p>\n<p>El seminario forma parte de los encuentros s\u00edncronos del curso \u201cGesti\u00f3n de la Calidad\u201d, correspondiente a la Especializaci\u00f3n en Gesti\u00f3n del Dise\u00f1o de Productos M\u00e9dicos de la FIUNER, y contar\u00e1 con la participaci\u00f3n de profesionales invitados de amplia trayectoria en el medio.<\/p>\n<p>El programa abordar\u00e1 los requisitos y particularidades de la gesti\u00f3n de la calidad aplicada a la industria m\u00e9dica, centrando sus contenidos en la norma ISO 13485 y las Buenas Pr\u00e1cticas de Fabricaci\u00f3n de Productos M\u00e9dicos.<\/p>\n<p>Dado el enfoque pr\u00e1ctico y el espacio de intercambio propuesto, se promover\u00e1 la participaci\u00f3n activa del alumnado:<\/p>\n<p>Acreditaci\u00f3n Plan 2025: Las certificaciones obtenidas podr\u00e1n ser reconocidas como actividades acreditables para el nuevo plan de estudios 2025 de la carrera, siempre que se cumplan las condiciones de asistencia y aprobaci\u00f3n.<\/p>\n<p>Campus UNER Oro VerdeRuta Pcial. N\u00ba 11 Km 10,5Oro Verde &#8211; Entre R\u00edos (3100)Tel: +54 (343) 49751004975101 \/ 077 \/ 078<\/p>\n<p>CAMPUS VIRTUAL FIUNER<\/p>\n<p>UNIVERSIDAD NACIONAL DE ENTRE R\u00cdOS<\/p>\n<p>Copyright \u00a9 2026 Facultad de Ingenier\u00eda &#8211; Universidad Nacional de Entre R\u00edos<\/p>\n<p><small>Fuente: <a href=\"https:\/\/www.ingenieria.uner.edu.ar\/listado-noticias\/\" target=\"_blank\">https:\/\/www.ingenieria.uner.edu.ar\/listado-noticias\/<\/a><\/small><\/p>\n","protected":false},"excerpt":{"rendered":"<p>El lunes 7 de septiembre comienza el curso te\u00f3rico-pr\u00e1ctico de 25 horas, destinado a estudiantes de Bioingenier\u00eda que&#8230;<\/p>\n","protected":false},"author":0,"featured_media":1206,"comment_status":"open","ping_status":"open","sticky":false,"template":"","format":"standard","meta":{"_et_pb_use_builder":"","_et_pb_old_content":"","_et_gb_content_width":"","footnotes":""},"categories":[8],"tags":[],"class_list":["post-1205","post","type-post","status-publish","format-standard","has-post-thumbnail","hentry","category-ciencia"],"_links":{"self":[{"href":"https:\/\/observar.org.ar\/web\/index.php\/wp-json\/wp\/v2\/posts\/1205","targetHints":{"allow":["GET"]}}],"collection":[{"href":"https:\/\/observar.org.ar\/web\/index.php\/wp-json\/wp\/v2\/posts"}],"about":[{"href":"https:\/\/observar.org.ar\/web\/index.php\/wp-json\/wp\/v2\/types\/post"}],"replies":[{"embeddable":true,"href":"https:\/\/observar.org.ar\/web\/index.php\/wp-json\/wp\/v2\/comments?post=1205"}],"version-history":[{"count":0,"href":"https:\/\/observar.org.ar\/web\/index.php\/wp-json\/wp\/v2\/posts\/1205\/revisions"}],"wp:featuredmedia":[{"embeddable":true,"href":"https:\/\/observar.org.ar\/web\/index.php\/wp-json\/wp\/v2\/media\/1206"}],"wp:attachment":[{"href":"https:\/\/observar.org.ar\/web\/index.php\/wp-json\/wp\/v2\/media?parent=1205"}],"wp:term":[{"taxonomy":"category","embeddable":true,"href":"https:\/\/observar.org.ar\/web\/index.php\/wp-json\/wp\/v2\/categories?post=1205"},{"taxonomy":"post_tag","embeddable":true,"href":"https:\/\/observar.org.ar\/web\/index.php\/wp-json\/wp\/v2\/tags?post=1205"}],"curies":[{"name":"wp","href":"https:\/\/api.w.org\/{rel}","templated":true}]}}