{"id":1201,"date":"2026-09-05T11:38:57","date_gmt":"2026-09-05T11:38:57","guid":{"rendered":"https:\/\/observar.org.ar\/web\/index.php\/2026\/09\/05\/charla-salud-digital-ministerio-de-salud-de-entre-rios-en-la-fiuner\/"},"modified":"2026-09-05T11:38:57","modified_gmt":"2026-09-05T11:38:57","slug":"charla-salud-digital-ministerio-de-salud-de-entre-rios-en-la-fiuner","status":"publish","type":"post","link":"https:\/\/observar.org.ar\/web\/index.php\/2026\/09\/05\/charla-salud-digital-ministerio-de-salud-de-entre-rios-en-la-fiuner\/","title":{"rendered":"Charla: \u00abSalud Digital \u2013 Ministerio de Salud de Entre R\u00edos\u00bb en la FIUNER"},"content":{"rendered":"<h2>Charla: \u00abSalud Digital \u2013 Ministerio de Salud de Entre R\u00edos\u00bb en la FIUNER<\/h2>\n<p><strong>Se invita a docentes, estudiantes e investigadores a participar de un encuentro sobre la implementaci\u00f3n de tecnolog\u00edas&#8230;<\/strong><\/p>\n<p>Se invita a docentes, estudiantes e investigadores a participar de un encuentro sobre la implementaci\u00f3n de tecnolog\u00edas aplicadas a la gesti\u00f3n sanitaria provincial. La actividad estar\u00e1 a cargo de profesionales del Ministerio de Salud de Entre R\u00edos.<\/p>\n<p>La charla abierta \u201cSalud Digital \u2013 Ministerio de Salud de Entre R\u00edos\u201d, se llevar\u00e1 a cabo el martes 8 de septiembre a las 16:00 hs. en el Aula 4 de nuestra casa de estudios.<\/p>\n<p>El encuentro contar\u00e1 con las exposiciones de dos destacados graduados bioingenieros que desempe\u00f1an funciones en la funci\u00f3n p\u00fablica provincial:<\/p>\n<p>La actividad es organizada en conjunto por la asignatura Introducci\u00f3n a los Sistemas de Salud (Bioingenier\u00eda), la asignatura Modelos para Pol\u00edticas Sociosanitarias (Bioinform\u00e1tica) y el Grupo de Estudios en Salud P\u00fablica y Tecnolog\u00edas Aplicadas.<\/p>\n<p>Datos de la actividad:<\/p>\n<p>Campus UNER Oro VerdeRuta Pcial. N\u00ba 11 Km 10,5Oro Verde &#8211; Entre R\u00edos (3100)Tel: +54 (343) 49751004975101 \/ 077 \/ 078<\/p>\n<p>CAMPUS VIRTUAL FIUNER<\/p>\n<p>UNIVERSIDAD NACIONAL DE ENTRE R\u00cdOS<\/p>\n<p>Copyright \u00a9 2026 Facultad de Ingenier\u00eda &#8211; Universidad Nacional de Entre R\u00edos<\/p>\n<p><small>Fuente: <a href=\"https:\/\/www.ingenieria.uner.edu.ar\/listado-noticias\/\" target=\"_blank\">https:\/\/www.ingenieria.uner.edu.ar\/listado-noticias\/<\/a><\/small><\/p>\n","protected":false},"excerpt":{"rendered":"<p>Se invita a docentes, estudiantes e investigadores a participar de un encuentro sobre la implementaci\u00f3n de tecnolog\u00edas&#8230;<\/p>\n","protected":false},"author":0,"featured_media":1202,"comment_status":"open","ping_status":"open","sticky":false,"template":"","format":"standard","meta":{"_et_pb_use_builder":"","_et_pb_old_content":"","_et_gb_content_width":"","footnotes":""},"categories":[8],"tags":[],"class_list":["post-1201","post","type-post","status-publish","format-standard","has-post-thumbnail","hentry","category-ciencia"],"_links":{"self":[{"href":"https:\/\/observar.org.ar\/web\/index.php\/wp-json\/wp\/v2\/posts\/1201","targetHints":{"allow":["GET"]}}],"collection":[{"href":"https:\/\/observar.org.ar\/web\/index.php\/wp-json\/wp\/v2\/posts"}],"about":[{"href":"https:\/\/observar.org.ar\/web\/index.php\/wp-json\/wp\/v2\/types\/post"}],"replies":[{"embeddable":true,"href":"https:\/\/observar.org.ar\/web\/index.php\/wp-json\/wp\/v2\/comments?post=1201"}],"version-history":[{"count":0,"href":"https:\/\/observar.org.ar\/web\/index.php\/wp-json\/wp\/v2\/posts\/1201\/revisions"}],"wp:featuredmedia":[{"embeddable":true,"href":"https:\/\/observar.org.ar\/web\/index.php\/wp-json\/wp\/v2\/media\/1202"}],"wp:attachment":[{"href":"https:\/\/observar.org.ar\/web\/index.php\/wp-json\/wp\/v2\/media?parent=1201"}],"wp:term":[{"taxonomy":"category","embeddable":true,"href":"https:\/\/observar.org.ar\/web\/index.php\/wp-json\/wp\/v2\/categories?post=1201"},{"taxonomy":"post_tag","embeddable":true,"href":"https:\/\/observar.org.ar\/web\/index.php\/wp-json\/wp\/v2\/tags?post=1201"}],"curies":[{"name":"wp","href":"https:\/\/api.w.org\/{rel}","templated":true}]}}