{"id":1197,"date":"2026-09-05T11:38:47","date_gmt":"2026-09-05T11:38:47","guid":{"rendered":"https:\/\/observar.org.ar\/web\/index.php\/2026\/09\/05\/la-despedida-de-messi-de-la-seleccion-no-duele-solo-por-el-futbol-que-explica-la-tristeza-colectiva-que-genero-su-anuncio\/"},"modified":"2026-09-05T11:38:47","modified_gmt":"2026-09-05T11:38:47","slug":"la-despedida-de-messi-de-la-seleccion-no-duele-solo-por-el-futbol-que-explica-la-tristeza-colectiva-que-genero-su-anuncio","status":"publish","type":"post","link":"https:\/\/observar.org.ar\/web\/index.php\/2026\/09\/05\/la-despedida-de-messi-de-la-seleccion-no-duele-solo-por-el-futbol-que-explica-la-tristeza-colectiva-que-genero-su-anuncio\/","title":{"rendered":"La despedida de Messi de la Selecci\u00f3n no duele solo por el f\u00fatbol: qu\u00e9 explica la tristeza colectiva que gener\u00f3 su anuncio"},"content":{"rendered":"<h2>La despedida de Messi de la Selecci\u00f3n no duele solo por el f\u00fatbol: qu\u00e9 explica la tristeza colectiva que gener\u00f3 su anuncio<\/h2>\n<p><strong>Especialistas analizan por qu\u00e9 algunos finales despiertan nostalgia, activan recuerdos y pueden ser dif\u00edciles de aceptar. Claves para transitarlos y seguir adelante<\/strong><\/p>\n<p>Mediante una sentida carta, Messi anunci\u00f3 esta semana en redes sociales que dejaba la Selecci\u00f3n Argentina. El campe\u00f3n mundial en Qatar 2022, subcampe\u00f3n en 2014 y 2026 y ganador de tantos t\u00edtulos, cerr\u00f3 as\u00ed un ciclo que durante 20 a\u00f1os reuni\u00f3 a distintas generaciones alrededor de partidos, celebraciones e identificaci\u00f3n colectiva.<\/p>\n<p>\u201cQueda poco y se van cerrando etapas y esta es una que me duele mucho. Amo, am\u00e9 y amar\u00e9 siempre estar en la Selecci\u00f3n. Me vaci\u00e9, ya no tengo m\u00e1s para dar y aparte vienen chicos muy grandes atr\u00e1s que merecen estar\u201d, expres\u00f3 el \u00eddolo popular.<\/p>\n<p>\u00bfPor qu\u00e9 una noticia as\u00ed moviliza tanto, incluso a quienes no siguen el f\u00fatbol de cerca?<\/p>\n<p>El doctor Ricardo A. Rubinstein, m\u00e9dico psicoanalista y miembro titular en funci\u00f3n did\u00e1ctica APA-Full member Internacional, explic\u00f3 a Infobae que Messi representa para los argentinos mucho m\u00e1s que el jugador y la persona de carne y hueso.<\/p>\n<p>\u201cHa sido un embajador, un representante destacado de los argentinos y consagra muchos valores que apreciamos y que nos hacen vernos en \u00e9l como en un espejo, en el que se identifican la calidad, la nobleza de lo argentino, el hecho de poder reponerse de situaciones de frustraci\u00f3n, de pelear, de ser un poco tambi\u00e9n David frente al Goliat de otras potencias futbol\u00edsticas y llegar a la c\u00faspide del triunfo\u201d, compar\u00f3 el m\u00e9dico.<\/p>\n<p>Rubinstein se\u00f1al\u00f3 adem\u00e1s que el rosarino ha tenido una permanencia y una continuidad: \u201cRepresent\u00f3 momentos de nuestras vidas con los que podemos reencontrarnos. Este espejo de identidad hace que, de manera colectiva y social, sintamos el anuncio de Messi como una situaci\u00f3n de p\u00e9rdida que lleva a un estado de duelo y de tristeza. Es un lugar que hoy por hoy va a quedar vac\u00edo. Ya no vamos a poder identificarnos proyectados hacia el futuro, sino que nos va a quedar todo lo que Messi nos dio, todo ese legado a lo largo de la trayectoria\u201d.<\/p>\n<p>En el mismo sentido, el licenciado Rodrigo Pereda (MN 82.330), miembro del Departamento de Psicoterapia Cognitiva de INECO, afirm\u00f3 a Infobae que el retiro del 10 puede vivirse como una p\u00e9rdida simb\u00f3lica: \u201cPara muchas personas, la despedida no remiti\u00f3 solo al f\u00fatbol, sino al cierre de una experiencia colectiva asociada a recuerdos, v\u00ednculos y formas compartidas de identidad\u201d.<\/p>\n<p>Pereda aclar\u00f3 que no se trata de un duelo equivalente a la muerte de un ser querido, pero s\u00ed del final de un rol con el que millones de argentinos se vincularon durante a\u00f1os. \u201cLo que se pierde es la posibilidad de seguir esperando nuevas experiencias con \u00e9l vistiendo la camiseta de la Selecci\u00f3n\u201d, explic\u00f3.<\/p>\n<p>Seg\u00fan el especialista, la intensidad emocional no depende solo del hecho en s\u00ed, sino del lugar que esa figura ocup\u00f3 en la historia personal y colectiva. En ese sentido, la salida de Messi tambi\u00e9n confronta a muchas personas con el paso del tiempo: para quienes lo vieron debutar, despedirlo implica reconocer que transcurrieron m\u00e1s de dos d\u00e9cadas de sus propias vidas; para los m\u00e1s j\u00f3venes, ser\u00e1 la primera vez que conozcan una selecci\u00f3n argentina sin \u00e9l.<\/p>\n<p>\u201cLa Selecci\u00f3n tiene un valor cultural que excede ampliamente lo deportivo. Sus partidos funcionan como rituales colectivos: re\u00fanen a familias y amigos, generan conversaciones entre desconocidos y permiten que personas muy diferentes compartan por un momento una misma identidad. Cuando juega la Selecci\u00f3n, muchas personas hablan de que \u2018ganamos\u2019, \u2018perdimos\u2019 o \u2018salimos campeones\u2019, porque sienten que aquello que ocurre dentro de la cancha tambi\u00e9n las representa. Messi ocup\u00f3 durante a\u00f1os el centro de esa experiencia compartida\u201d, reflexion\u00f3 el psic\u00f3logo.<\/p>\n<p>Frente a este cierre pueden coexistir varios sentimientos: tristeza, nostalgia, gratitud y orgullo, aseguran los expertos. \u201cNo es necesario minimizar estas emociones afirmando que \u2018es solo f\u00fatbol\u2019 ni apresurarse a encontrar a alguien que ocupe inmediatamente su lugar. Los homenajes, las despedidas y los recuerdos compartidos permiten reconocer el final e integrar lo vivido. Elaborar esta p\u00e9rdida no consiste en reemplazar a Messi, sino en transformar su presencia en memoria y legado\u201d, afirm\u00f3 Pereda.<\/p>\n<p>Tambi\u00e9n record\u00f3 que el v\u00ednculo entre Messi y los argentinos estuvo atravesado por expectativas altas, derrotas dolorosas, cr\u00edticas, distanciamientos y reencuentros. \u201cEste recorrido hizo que muchas personas no solo admiraran al jugador, sino que tambi\u00e9n se identificaran emocionalmente con su perseverancia y vivieran sus logros con la selecci\u00f3n como una forma de reparaci\u00f3n despu\u00e9s de tantos intentos\u201d, coment\u00f3.<\/p>\n<p>Esa dimensi\u00f3n emocional ayuda a explicar por qu\u00e9 el retiro no se lee solamente como la salida de un futbolista, sino como el final de una narrativa compartida.<\/p>\n<p>\u00bfPor qu\u00e9 el deporte, y en especial el f\u00fatbol, produce estas pasiones en algunas personas? El doctor Rubinstein dijo que esto se relaciona con aspectos psicol\u00f3gicos y sociales. \u201cEl deporte permite evadirnos de la realidad cotidiana y meternos en otra, la del juego. A trav\u00e9s de un mecanismo de identificaci\u00f3n, sentimos que participamos de lo que est\u00e1 pasando all\u00ed. Durante el tiempo que dura un evento deportivo, dejamos de lado las miserias de la vida cotidiana, las preocupaciones, las frustraciones y dem\u00e1s\u201d, describi\u00f3 el doctor.<\/p>\n<p>Otro elemento tiene que ver con el lugar que tiene el f\u00fatbol dentro de la sociedad argentina. \u201cEste es un pa\u00eds con una gran tradici\u00f3n futbolera y los jugadores son un espejo valorado de nuestra sociedad, un producto de exportaci\u00f3n, por decirlo as\u00ed, de gran calidad. Nos sentimos orgullosos de estos representantes y nuestra estima social y valoraci\u00f3n se juegan mucho en esto\u201d.<\/p>\n<p><small>Fuente: <a href=\"https:\/\/www.infobae.com\/salud\/ciencia\/\" target=\"_blank\">https:\/\/www.infobae.com\/salud\/ciencia\/<\/a><\/small><\/p>\n","protected":false},"excerpt":{"rendered":"<p>Especialistas analizan por qu\u00e9 algunos finales despiertan nostalgia, activan recuerdos y pueden ser dif\u00edciles de aceptar. Claves para transitarlos y seguir adelante<\/p>\n","protected":false},"author":0,"featured_media":1198,"comment_status":"open","ping_status":"open","sticky":false,"template":"","format":"standard","meta":{"_et_pb_use_builder":"","_et_pb_old_content":"","_et_gb_content_width":"","footnotes":""},"categories":[8],"tags":[],"class_list":["post-1197","post","type-post","status-publish","format-standard","has-post-thumbnail","hentry","category-ciencia"],"_links":{"self":[{"href":"https:\/\/observar.org.ar\/web\/index.php\/wp-json\/wp\/v2\/posts\/1197","targetHints":{"allow":["GET"]}}],"collection":[{"href":"https:\/\/observar.org.ar\/web\/index.php\/wp-json\/wp\/v2\/posts"}],"about":[{"href":"https:\/\/observar.org.ar\/web\/index.php\/wp-json\/wp\/v2\/types\/post"}],"replies":[{"embeddable":true,"href":"https:\/\/observar.org.ar\/web\/index.php\/wp-json\/wp\/v2\/comments?post=1197"}],"version-history":[{"count":0,"href":"https:\/\/observar.org.ar\/web\/index.php\/wp-json\/wp\/v2\/posts\/1197\/revisions"}],"wp:featuredmedia":[{"embeddable":true,"href":"https:\/\/observar.org.ar\/web\/index.php\/wp-json\/wp\/v2\/media\/1198"}],"wp:attachment":[{"href":"https:\/\/observar.org.ar\/web\/index.php\/wp-json\/wp\/v2\/media?parent=1197"}],"wp:term":[{"taxonomy":"category","embeddable":true,"href":"https:\/\/observar.org.ar\/web\/index.php\/wp-json\/wp\/v2\/categories?post=1197"},{"taxonomy":"post_tag","embeddable":true,"href":"https:\/\/observar.org.ar\/web\/index.php\/wp-json\/wp\/v2\/tags?post=1197"}],"curies":[{"name":"wp","href":"https:\/\/api.w.org\/{rel}","templated":true}]}}