{"id":1157,"date":"2026-08-31T11:42:56","date_gmt":"2026-08-31T11:42:56","guid":{"rendered":"https:\/\/observar.org.ar\/web\/index.php\/2026\/08\/31\/cuanto-ejercicio-puede-reducir-el-riesgo-de-acv-segun-un-estudio\/"},"modified":"2026-08-31T11:42:56","modified_gmt":"2026-08-31T11:42:56","slug":"cuanto-ejercicio-puede-reducir-el-riesgo-de-acv-segun-un-estudio","status":"publish","type":"post","link":"https:\/\/observar.org.ar\/web\/index.php\/2026\/08\/31\/cuanto-ejercicio-puede-reducir-el-riesgo-de-acv-segun-un-estudio\/","title":{"rendered":"Cu\u00e1nto ejercicio puede reducir el riesgo de ACV, seg\u00fan un estudio"},"content":{"rendered":"<h2>Cu\u00e1nto ejercicio puede reducir el riesgo de ACV, seg\u00fan un estudio<\/h2>\n<p><strong>Una cohorte noruega de 87.340 adultos vincul\u00f3 la actividad f\u00edsica regular con menos accidentes cerebrovasculares y menor mortalidad en personas con arritmia, incluso con menos de 15 minutos diarios<\/strong><\/p>\n<p>Por Ismael Yasnikowski<\/p>\n<p>Un estudio publicado en la revista cient\u00edfica Journal of the American Heart Association determin\u00f3 que las personas con fibrilaci\u00f3n auricular (FA) que realizan actividad f\u00edsica regular \u2014incluso en dosis m\u00ednimas\u2014 presentan un riesgo notablemente menor de sufrir un accidente cerebrovascular (ACV). La investigaci\u00f3n, llevada a cabo en Noruega con m\u00e1s de 87.000 participantes, aporta evidencia concreta sobre el impacto del movimiento en una de las condiciones card\u00edacas m\u00e1s extendidas del mundo.<\/p>\n<p>La fibrilaci\u00f3n auricular es un trastorno del ritmo card\u00edaco que provoca latidos r\u00e1pidos e irregulares y que eleva de forma considerable la vulnerabilidad al ACV. El an\u00e1lisis, difundido por Harvard Health Publishing, sugiere que el ejercicio f\u00edsico puede actuar como un escudo parcial frente a ese riesgo adicional, con independencia de si el paciente recibe o no tratamiento m\u00e9dico est\u00e1ndar para la arritmia.<\/p>\n<p>La FA afecta a millones de personas en el mundo y figura entre las principales causas de ACV de origen card\u00edaco.<\/p>\n<p>El estudio incluy\u00f3 a 87.340 adultos de entre 30 y 99 a\u00f1os residentes en Noruega, de los cuales 6.539 ten\u00edan FA y segu\u00edan tratamiento m\u00e9dico habitual. Los investigadores monitorearon a todos los participantes durante una mediana de 13,5 a\u00f1os, con datos sobre incidencia de ACV y mortalidad extra\u00eddos de registros nacionales de salud.<\/p>\n<p>Los participantes informaron con qu\u00e9 frecuencia, durante cu\u00e1nto tiempo y con qu\u00e9 intensidad practicaban ejercicio de manera habitual. A partir de esas respuestas, el equipo los clasific\u00f3 en cuatro categor\u00edas: inactivos, baja actividad, actividad moderada y actividad alta.<\/p>\n<p>El grupo moderado cumpl\u00eda con las gu\u00edas actuales de actividad f\u00edsica \u2014al menos 30 minutos de ejercicio de intensidad moderada casi todos los d\u00edas\u2014, mientras que el de baja actividad realizaba menos de 15 minutos diarios de ese mismo tipo de esfuerzo. El grupo de alta actividad inclu\u00eda a quienes practicaban ejercicio vigoroso durante al menos 30 minutos casi a diario.<\/p>\n<p>Los resultados mostraron que quienes alcanzaron niveles moderados o altos de actividad f\u00edsica tuvieron un riesgo de ACV casi 20% menor frente a los inactivos. El dato que m\u00e1s llama la atenci\u00f3n provino del grupo de menor esfuerzo: esa cantidad m\u00ednima de movimiento tambi\u00e9n redujo el riesgo de ACV, en este caso en un 9%.<\/p>\n<p>Los efectos sobre la mortalidad siguieron una l\u00ednea similar. Seg\u00fan inform\u00f3 Harvard Health Publishing, un nivel bajo, moderado o alto de actividad f\u00edsica se asoci\u00f3 con un riesgo de muerte por cualquier causa un 11%, 18% y 22% menor, respectivamente, en comparaci\u00f3n con la inactividad total.<\/p>\n<p>La relaci\u00f3n es progresiva: a mayor actividad, mayor protecci\u00f3n, pero ya el primer escal\u00f3n \u2014el m\u00ednimo movimiento\u2014 genera un efecto concreto y medible.<\/p>\n<p>Uno de los hallazgos que m\u00e1s peso tiene en el an\u00e1lisis es que los beneficios del ejercicio resultaron similares en personas con y sin FA. Eso llev\u00f3 a los investigadores a plantear que la actividad f\u00edsica podr\u00eda contrarrestar, al menos en parte, el riesgo elevado de ACV que acompa\u00f1a a esa arritmia. El resultado abre una l\u00ednea de inter\u00e9s para el manejo cl\u00ednico de pacientes con esta condici\u00f3n.<\/p>\n<p>Para quienes padecen fibrilaci\u00f3n auricular, mantenerse activo se asoci\u00f3 con vivir entre 6 y 14 meses m\u00e1s en promedio respecto a los inactivos. De acuerdo con el art\u00edculo cient\u00edfico, esa diferencia en la expectativa de vida refuerza la idea de que el movimiento regular \u2014incluso modesto\u2014 tiene consecuencias directas sobre la salud cardiovascular de esta poblaci\u00f3n.<\/p>\n<p>El estudio cont\u00f3 con la revisi\u00f3n del Dr. Robert H. Shmerling, editor de la facultad y miembro del Consejo Editorial Asesor de Harvard Health Publishing.<\/p>\n<p><small>Fuente: <a href=\"https:\/\/www.infobae.com\/salud\/ciencia\/\" target=\"_blank\">https:\/\/www.infobae.com\/salud\/ciencia\/<\/a><\/small><\/p>\n","protected":false},"excerpt":{"rendered":"<p>Una cohorte noruega de 87.340 adultos vincul\u00f3 la actividad f\u00edsica regular con menos accidentes cerebrovasculares y menor mortalidad en personas con arritmia, incluso con menos de 15 minutos diarios<\/p>\n","protected":false},"author":0,"featured_media":1158,"comment_status":"open","ping_status":"open","sticky":false,"template":"","format":"standard","meta":{"_et_pb_use_builder":"","_et_pb_old_content":"","_et_gb_content_width":"","footnotes":""},"categories":[8],"tags":[],"class_list":["post-1157","post","type-post","status-publish","format-standard","has-post-thumbnail","hentry","category-ciencia"],"_links":{"self":[{"href":"https:\/\/observar.org.ar\/web\/index.php\/wp-json\/wp\/v2\/posts\/1157","targetHints":{"allow":["GET"]}}],"collection":[{"href":"https:\/\/observar.org.ar\/web\/index.php\/wp-json\/wp\/v2\/posts"}],"about":[{"href":"https:\/\/observar.org.ar\/web\/index.php\/wp-json\/wp\/v2\/types\/post"}],"replies":[{"embeddable":true,"href":"https:\/\/observar.org.ar\/web\/index.php\/wp-json\/wp\/v2\/comments?post=1157"}],"version-history":[{"count":0,"href":"https:\/\/observar.org.ar\/web\/index.php\/wp-json\/wp\/v2\/posts\/1157\/revisions"}],"wp:featuredmedia":[{"embeddable":true,"href":"https:\/\/observar.org.ar\/web\/index.php\/wp-json\/wp\/v2\/media\/1158"}],"wp:attachment":[{"href":"https:\/\/observar.org.ar\/web\/index.php\/wp-json\/wp\/v2\/media?parent=1157"}],"wp:term":[{"taxonomy":"category","embeddable":true,"href":"https:\/\/observar.org.ar\/web\/index.php\/wp-json\/wp\/v2\/categories?post=1157"},{"taxonomy":"post_tag","embeddable":true,"href":"https:\/\/observar.org.ar\/web\/index.php\/wp-json\/wp\/v2\/tags?post=1157"}],"curies":[{"name":"wp","href":"https:\/\/api.w.org\/{rel}","templated":true}]}}