{"id":1151,"date":"2026-08-30T11:55:46","date_gmt":"2026-08-30T11:55:46","guid":{"rendered":"https:\/\/observar.org.ar\/web\/index.php\/2026\/08\/30\/yogur-griego-que-dice-la-evidencia-cientifica-sobre-su-impacto-en-el-metabolismo-y-la-salud-intestinal\/"},"modified":"2026-08-30T11:55:46","modified_gmt":"2026-08-30T11:55:46","slug":"yogur-griego-que-dice-la-evidencia-cientifica-sobre-su-impacto-en-el-metabolismo-y-la-salud-intestinal","status":"publish","type":"post","link":"https:\/\/observar.org.ar\/web\/index.php\/2026\/08\/30\/yogur-griego-que-dice-la-evidencia-cientifica-sobre-su-impacto-en-el-metabolismo-y-la-salud-intestinal\/","title":{"rendered":"Yogur griego: qu\u00e9 dice la evidencia cient\u00edfica sobre su impacto en el metabolismo y la salud intestinal"},"content":{"rendered":"<h2>Yogur griego: qu\u00e9 dice la evidencia cient\u00edfica sobre su impacto en el metabolismo y la salud intestinal<\/h2>\n<p><strong>M\u00e1s all\u00e1 de su popularidad como alimento proteico, diversos estudios exploran la relaci\u00f3n entre su consumo habitual y el equilibrio de la microbiota, aunque los especialistas piden cautela al interpretar los resultados<\/strong><\/p>\n<p>Por Santiago Abraldes<\/p>\n<p>El yogur griego gan\u00f3 espacio en la alimentaci\u00f3n cotidiana mucho m\u00e1s r\u00e1pido que en la evidencia cient\u00edfica. Mientras su perfil alto en prote\u00ednas y su imagen de alimento saludable empujaron su popularidad, la investigaci\u00f3n todav\u00eda intenta responder una pregunta m\u00e1s espec\u00edfica: qu\u00e9 beneficios aparecen respaldados por datos y cu\u00e1les siguen en el terreno de las asociaciones generales.<\/p>\n<p>Esa diferencia importa en un contexto marcado por el auge de los alimentos fermentados y por el inter\u00e9s creciente en la microbiota intestinal, esto es, el conjunto de microorganismos que habitan el intestino y participan en funciones ligadas a la digesti\u00f3n, el metabolismo y la respuesta inmune.<\/p>\n<p>En ese debate, el yogur suele quedar en un lugar singular frente a otros l\u00e1cteos, aunque no todos los estudios llegan a las mismas conclusiones ni permiten hablar de efectos directos.<\/p>\n<p>En ese marco, un estudio publicado en la revista BMC Microbiology sum\u00f3 un dato puntual: el consumo de yogur se asoci\u00f3 con cambios medibles en la composici\u00f3n del microbioma intestinal y con una menor cantidad de grasa visceral, la que se acumula alrededor de los \u00f3rganos abdominales.<\/p>\n<p>El hallazgo no prueba por s\u00ed solo un efecto causal, pero ofrece una referencia concreta en una discusi\u00f3n donde abundan m\u00e1s las promesas comerciales que las certezas cerradas.<\/p>\n<p>El trabajo analiz\u00f3 informaci\u00f3n cl\u00ednica, nutricional y microbiol\u00f3gica de m\u00e1s de mil gemelos del Reino Unido, en su mayor\u00eda mujeres, y compar\u00f3 a quienes consum\u00edan yogur con quienes no lo hac\u00edan.<\/p>\n<p>Seg\u00fan se detalla en el estudio, quienes lo incorporaban a su alimentaci\u00f3n presentaban una menor masa de grasa visceral y tambi\u00e9n un patr\u00f3n dietario m\u00e1s saludable en t\u00e9rminos generales.<\/p>\n<p>El paper identific\u00f3 adem\u00e1s una mayor presencia intestinal de Streptococcus thermophilus y Bifidobacterium animalis subsp. lactis, bacterias utilizadas en la elaboraci\u00f3n de algunos yogures.<\/p>\n<p>El trabajo explica que ese aumento parece transitorio, lo que significa que esos microorganismos pueden pasar por el intestino y detectarse all\u00ed sin instalarse de forma estable.<\/p>\n<p>A la vez, una de esas bacterias apareci\u00f3 asociada con metabolitos fecales, compuestos generados durante los procesos qu\u00edmicos del organismo, vinculados a la regulaci\u00f3n de la inflamaci\u00f3n intestinal.<\/p>\n<p>El dato no equivale a demostrar que el yogur modifica por s\u00ed mismo la salud metab\u00f3lica. Seg\u00fan se detalla en el estudio, parte de la asociaci\u00f3n puede explicarse porque quienes consumen yogur tambi\u00e9n sostienen h\u00e1bitos alimentarios m\u00e1s saludables. Esa cautela es central para leer el hallazgo sin exagerarlo.<\/p>\n<p>Un an\u00e1lisis de tres grandes cohortes de adultos de Estados Unidos, publicado en BMC Medicine, sigui\u00f3 durante a\u00f1os a m\u00e1s de 190.000 personas y registr\u00f3 15.156 casos incidentes de diabetes tipo 2.<\/p>\n<p>Seg\u00fan se detalla en el estudio, una porci\u00f3n diaria adicional de yogur se asoci\u00f3 con un menor riesgo de diabetes tipo 2, mientras que el consumo total de l\u00e1cteos no mostr\u00f3 una asociaci\u00f3n apreciable con ese desenlace.<\/p>\n<p>La diabetes tipo 2 es un trastorno metab\u00f3lico en el que el organismo pierde eficacia para usar la insulina, la hormona que regula la glucosa en sangre.<\/p>\n<p><small>Fuente: <a href=\"https:\/\/www.infobae.com\/salud\/ciencia\/\" target=\"_blank\">https:\/\/www.infobae.com\/salud\/ciencia\/<\/a><\/small><\/p>\n","protected":false},"excerpt":{"rendered":"<p>M\u00e1s all\u00e1 de su popularidad como alimento proteico, diversos estudios exploran la relaci\u00f3n entre su consumo habitual y el equilibrio de la microbiota, aunque los especialistas piden cautela al interpretar los resultados<\/p>\n","protected":false},"author":0,"featured_media":1152,"comment_status":"open","ping_status":"open","sticky":false,"template":"","format":"standard","meta":{"_et_pb_use_builder":"","_et_pb_old_content":"","_et_gb_content_width":"","footnotes":""},"categories":[8],"tags":[],"class_list":["post-1151","post","type-post","status-publish","format-standard","has-post-thumbnail","hentry","category-ciencia"],"_links":{"self":[{"href":"https:\/\/observar.org.ar\/web\/index.php\/wp-json\/wp\/v2\/posts\/1151","targetHints":{"allow":["GET"]}}],"collection":[{"href":"https:\/\/observar.org.ar\/web\/index.php\/wp-json\/wp\/v2\/posts"}],"about":[{"href":"https:\/\/observar.org.ar\/web\/index.php\/wp-json\/wp\/v2\/types\/post"}],"replies":[{"embeddable":true,"href":"https:\/\/observar.org.ar\/web\/index.php\/wp-json\/wp\/v2\/comments?post=1151"}],"version-history":[{"count":0,"href":"https:\/\/observar.org.ar\/web\/index.php\/wp-json\/wp\/v2\/posts\/1151\/revisions"}],"wp:featuredmedia":[{"embeddable":true,"href":"https:\/\/observar.org.ar\/web\/index.php\/wp-json\/wp\/v2\/media\/1152"}],"wp:attachment":[{"href":"https:\/\/observar.org.ar\/web\/index.php\/wp-json\/wp\/v2\/media?parent=1151"}],"wp:term":[{"taxonomy":"category","embeddable":true,"href":"https:\/\/observar.org.ar\/web\/index.php\/wp-json\/wp\/v2\/categories?post=1151"},{"taxonomy":"post_tag","embeddable":true,"href":"https:\/\/observar.org.ar\/web\/index.php\/wp-json\/wp\/v2\/tags?post=1151"}],"curies":[{"name":"wp","href":"https:\/\/api.w.org\/{rel}","templated":true}]}}